{"id":411,"date":"2018-03-12T23:09:59","date_gmt":"2018-03-12T23:09:59","guid":{"rendered":"https:\/\/girassoler.net\/wp\/?p=411"},"modified":"2019-03-18T23:14:44","modified_gmt":"2019-03-18T23:14:44","slug":"registo-de-atividade-2","status":"publish","type":"post","link":"https:\/\/girassoler.net\/wp\/2018\/03\/12\/registo-de-atividade-2\/","title":{"rendered":"Leituras em cascata. Semana da Leitura"},"content":{"rendered":"<div class=\"pntrst_main_before_after\"><\/div>\n<p><em> <\/em><\/p>\n\n\n\n<p>Esta atividade concretizou-se atrav\u00e9s da leitura de obras dos alunos do 2\u00ba Ciclo para alunos do 1\u00ba ciclo e destes  para o pr\u00e9-escolar e vice-versa.<\/p>\n\n\n\n<p>A explora\u00e7\u00e3o do fundo documental adquirido motivou os alunos pela novidade das obras e pelo convite \u00e0 sua divulga\u00e7\u00e3o.<\/p>\n\n\n\n<p>A apresenta\u00e7\u00e3o dos livros requer uma leitura atenta e uma prepara\u00e7\u00e3o pr\u00e9via. A motiva\u00e7\u00e3o dos alunos reside no papel de destaque de quem apresenta os livros e no facto de os leitores mais velhos serem exemplo para os mais novos.<\/p>\n\n\n\n<p>No final da semana fiz\u00e9mos uma exposi\u00e7\u00e3o de postais escritos e ilustrados partindo das obras apresentadas.<\/p>\n\n\n\n<p>Datas. Semana da Leitura 5 a 9 de mar\u00e7o<\/p>\n\n\n\n<p>URL galeria de fotos iCloud (sele\u00e7\u00e3o)<\/p>\n\n\n\n<p><a href=\"https:\/\/www.icloud.com\/sharedalbum\/#B0GGI9HKKDcSCo\" title=\"GO\">https:\/\/www.icloud.com\/sharedalbum\/#B0GGI9HKKDcSCo<\/a><\/p>\n<div class=\"pntrst_main_before_after\"><div class=\"pntrst-button-wrap \" >\r\n\t\t\t\t\t\t\t<a  data-pin-do=\"buttonFollow\" href=\"https:\/\/www.pinterest.com\/bibliotecasaea\/\">Follow me<\/a>\r\n\t\t\t\t\t\t<\/div><\/div>","protected":false},"excerpt":{"rendered":"<p>Esta atividade concretizou-se atrav\u00e9s da leitura de obras dos alunos do 2\u00ba Ciclo para alunos do 1\u00ba ciclo e destes para o pr\u00e9-escolar e vice-versa. A explora\u00e7\u00e3o do fundo documental adquirido motivou os alunos pela novidade das obras e pelo convite \u00e0 sua divulga\u00e7\u00e3o. A apresenta\u00e7\u00e3o dos livros requer uma leitura atenta e uma prepara\u00e7\u00e3o &hellip; <\/p>\n<p class=\"link-more\"><a href=\"https:\/\/girassoler.net\/wp\/2018\/03\/12\/registo-de-atividade-2\/\" class=\"more-link\">Continuar a ler <span class=\"screen-reader-text\">&#8220;Leituras em cascata. Semana da Leitura&#8221;<\/span><\/a><\/p>\n","protected":false},"author":1,"featured_media":0,"comment_status":"open","ping_status":"open","sticky":false,"template":"","format":"standard","meta":{"footnotes":""},"categories":[1],"tags":[],"_links":{"self":[{"href":"https:\/\/girassoler.net\/wp\/wp-json\/wp\/v2\/posts\/411"}],"collection":[{"href":"https:\/\/girassoler.net\/wp\/wp-json\/wp\/v2\/posts"}],"about":[{"href":"https:\/\/girassoler.net\/wp\/wp-json\/wp\/v2\/types\/post"}],"author":[{"embeddable":true,"href":"https:\/\/girassoler.net\/wp\/wp-json\/wp\/v2\/users\/1"}],"replies":[{"embeddable":true,"href":"https:\/\/girassoler.net\/wp\/wp-json\/wp\/v2\/comments?post=411"}],"version-history":[{"count":2,"href":"https:\/\/girassoler.net\/wp\/wp-json\/wp\/v2\/posts\/411\/revisions"}],"predecessor-version":[{"id":413,"href":"https:\/\/girassoler.net\/wp\/wp-json\/wp\/v2\/posts\/411\/revisions\/413"}],"wp:attachment":[{"href":"https:\/\/girassoler.net\/wp\/wp-json\/wp\/v2\/media?parent=411"}],"wp:term":[{"taxonomy":"category","embeddable":true,"href":"https:\/\/girassoler.net\/wp\/wp-json\/wp\/v2\/categories?post=411"},{"taxonomy":"post_tag","embeddable":true,"href":"https:\/\/girassoler.net\/wp\/wp-json\/wp\/v2\/tags?post=411"}],"curies":[{"name":"wp","href":"https:\/\/api.w.org\/{rel}","templated":true}]}}